{"id":9957,"date":"2023-09-09T20:39:05","date_gmt":"2023-09-09T18:39:05","guid":{"rendered":"https:\/\/osobdravinji.splet.arnes.si\/?p=9957"},"modified":"2023-09-12T12:36:31","modified_gmt":"2023-09-12T10:36:31","slug":"prvi-solski-dan-2","status":"publish","type":"post","link":"https:\/\/www.obdravinji.si\/?p=9957","title":{"rendered":"PRVI \u0160OLSKI DAN"},"content":{"rendered":"\n<p>Po brezskrbnem poletju je napo\u010dil 1. september, prvi \u0161olski dan. Ta je bil nekaj posebnega za \u0161tiriinpetdeset prvo\u0161olcev in njihovih star\u0161ev, ki so prvi\u010d prestopili prag O\u0160 Ob Dravinji.<\/p>\n\n\n\n<p>V \u0161oli so jih pri\u010dakale njihove u\u010diteljice Romana Pokorn in Tja\u0161a Kova\u010di\u010d (1. a) ter Ur\u0161ka Groleger in \u0160pela Sivka (1. b). V \u0161olski avli jih je prijazno pozdravila ravnateljica, mag. Nevenka Brdnik, nekaj lepih in spodbudnih besed pa jim je namenil tudi gospod \u017eupan. Prvo\u0161olci so se nato zavrteli v plesnih ritmih in spoznali svoje so\u0161olce. Nato so v spremstvu svojih u\u010diteljic spoznali svoje u\u010dilnice, kjer bodo pre\u017eivljali \u0161olske urice ter usvajali nova znanja. Pri\u010dakalo jih je tudi sladko presene\u010denje, s katerim smo jim za\u017eeleli veliko lepih, zanimivih in prijetnih \u0161olskih dogodiv\u0161\u010din.<\/p>\n\n\n\n<figure class=\"wp-block-image size-full\"><img loading=\"lazy\" decoding=\"async\" width=\"2560\" height=\"1920\" src=\"https:\/\/www.obdravinji.si\/files\/2023\/09\/047_GFX05337-scaled.jpg\" alt=\"\" class=\"wp-image-9961\" srcset=\"https:\/\/www.obdravinji.si\/files\/2023\/09\/047_GFX05337-scaled.jpg 2560w, https:\/\/www.obdravinji.si\/files\/2023\/09\/047_GFX05337-300x225.jpg 300w, https:\/\/www.obdravinji.si\/files\/2023\/09\/047_GFX05337-1024x768.jpg 1024w, https:\/\/www.obdravinji.si\/files\/2023\/09\/047_GFX05337-768x576.jpg 768w, https:\/\/www.obdravinji.si\/files\/2023\/09\/047_GFX05337-1536x1152.jpg 1536w, https:\/\/www.obdravinji.si\/files\/2023\/09\/047_GFX05337-2048x1536.jpg 2048w, https:\/\/www.obdravinji.si\/files\/2023\/09\/047_GFX05337-947x710.jpg 947w, https:\/\/www.obdravinji.si\/files\/2023\/09\/047_GFX05337-624x468.jpg 624w\" sizes=\"auto, (max-width: 2560px) 100vw, 2560px\" \/><\/figure>\n\n\n\n<figure class=\"wp-block-image size-full\"><img loading=\"lazy\" decoding=\"async\" width=\"2560\" height=\"1920\" src=\"https:\/\/www.obdravinji.si\/files\/2023\/09\/048_GFX05343-scaled.jpg\" alt=\"\" class=\"wp-image-9962\" srcset=\"https:\/\/www.obdravinji.si\/files\/2023\/09\/048_GFX05343-scaled.jpg 2560w, https:\/\/www.obdravinji.si\/files\/2023\/09\/048_GFX05343-300x225.jpg 300w, https:\/\/www.obdravinji.si\/files\/2023\/09\/048_GFX05343-1024x768.jpg 1024w, https:\/\/www.obdravinji.si\/files\/2023\/09\/048_GFX05343-768x576.jpg 768w, https:\/\/www.obdravinji.si\/files\/2023\/09\/048_GFX05343-1536x1152.jpg 1536w, https:\/\/www.obdravinji.si\/files\/2023\/09\/048_GFX05343-2048x1536.jpg 2048w, https:\/\/www.obdravinji.si\/files\/2023\/09\/048_GFX05343-947x710.jpg 947w, https:\/\/www.obdravinji.si\/files\/2023\/09\/048_GFX05343-624x468.jpg 624w\" sizes=\"auto, (max-width: 2560px) 100vw, 2560px\" \/><\/figure>\n\n\n\n<figure class=\"wp-block-image size-full\"><img loading=\"lazy\" decoding=\"async\" width=\"2560\" height=\"1707\" src=\"https:\/\/www.obdravinji.si\/files\/2023\/09\/D5N_4807-scaled.jpg\" alt=\"\" class=\"wp-image-9963\" srcset=\"https:\/\/www.obdravinji.si\/files\/2023\/09\/D5N_4807-scaled.jpg 2560w, https:\/\/www.obdravinji.si\/files\/2023\/09\/D5N_4807-300x200.jpg 300w, https:\/\/www.obdravinji.si\/files\/2023\/09\/D5N_4807-1024x683.jpg 1024w, https:\/\/www.obdravinji.si\/files\/2023\/09\/D5N_4807-768x512.jpg 768w, https:\/\/www.obdravinji.si\/files\/2023\/09\/D5N_4807-1536x1024.jpg 1536w, https:\/\/www.obdravinji.si\/files\/2023\/09\/D5N_4807-2048x1365.jpg 2048w, https:\/\/www.obdravinji.si\/files\/2023\/09\/D5N_4807-947x631.jpg 947w, https:\/\/www.obdravinji.si\/files\/2023\/09\/D5N_4807-624x416.jpg 624w, https:\/\/www.obdravinji.si\/files\/2023\/09\/D5N_4807-84x56.jpg 84w\" sizes=\"auto, (max-width: 2560px) 100vw, 2560px\" \/><\/figure>\n","protected":false},"excerpt":{"rendered":"<p>Po brezskrbnem poletju je napo\u010dil 1. september, prvi \u0161olski dan. Ta je bil nekaj posebnega za \u0161tiriinpetdeset prvo\u0161olcev in njihovih star\u0161ev, ki so prvi\u010d prestopili prag O\u0160 Ob Dravinji. V \u0161oli so jih pri\u010dakale njihove u\u010diteljice Romana Pokorn in Tja\u0161a Kova\u010di\u010d (1. a) ter Ur\u0161ka Groleger in \u0160pela Sivka (1. b). V \u0161olski avli jih je prijazno pozdravila ravnateljica, mag. Nevenka Brdnik, nekaj lepih in spodbudnih besed pa jim je namenil tudi gospod \u017eupan. Prvo\u0161olci so se nato zavrteli v plesnih ritmih in spoznali svoje so\u0161olce. Nato so v spremstvu svojih u\u010diteljic spoznali svoje u\u010dilnice, kjer bodo pre\u017eivljali \u0161olske urice [&hellip;]<\/p>\n","protected":false},"author":35617,"featured_media":0,"comment_status":"closed","ping_status":"closed","sticky":false,"template":"","format":"standard","meta":{"footnotes":""},"categories":[1],"tags":[],"class_list":["post-9957","post","type-post","status-publish","format-standard","hentry","category-novice"],"_links":{"self":[{"href":"https:\/\/www.obdravinji.si\/index.php?rest_route=\/wp\/v2\/posts\/9957","targetHints":{"allow":["GET"]}}],"collection":[{"href":"https:\/\/www.obdravinji.si\/index.php?rest_route=\/wp\/v2\/posts"}],"about":[{"href":"https:\/\/www.obdravinji.si\/index.php?rest_route=\/wp\/v2\/types\/post"}],"author":[{"embeddable":true,"href":"https:\/\/www.obdravinji.si\/index.php?rest_route=\/wp\/v2\/users\/35617"}],"replies":[{"embeddable":true,"href":"https:\/\/www.obdravinji.si\/index.php?rest_route=%2Fwp%2Fv2%2Fcomments&post=9957"}],"version-history":[{"count":3,"href":"https:\/\/www.obdravinji.si\/index.php?rest_route=\/wp\/v2\/posts\/9957\/revisions"}],"predecessor-version":[{"id":9965,"href":"https:\/\/www.obdravinji.si\/index.php?rest_route=\/wp\/v2\/posts\/9957\/revisions\/9965"}],"wp:attachment":[{"href":"https:\/\/www.obdravinji.si\/index.php?rest_route=%2Fwp%2Fv2%2Fmedia&parent=9957"}],"wp:term":[{"taxonomy":"category","embeddable":true,"href":"https:\/\/www.obdravinji.si\/index.php?rest_route=%2Fwp%2Fv2%2Fcategories&post=9957"},{"taxonomy":"post_tag","embeddable":true,"href":"https:\/\/www.obdravinji.si\/index.php?rest_route=%2Fwp%2Fv2%2Ftags&post=9957"}],"curies":[{"name":"wp","href":"https:\/\/api.w.org\/{rel}","templated":true}]}}