{"id":4905,"date":"2020-09-26T09:42:20","date_gmt":"2020-09-26T07:42:20","guid":{"rendered":"http:\/\/osobdravinji.splet.arnes.si\/?p=4905"},"modified":"2020-09-28T20:49:56","modified_gmt":"2020-09-28T18:49:56","slug":"jest-vecjezicnost","status":"publish","type":"post","link":"https:\/\/www.obdravinji.si\/?p=4905","title":{"rendered":"DAN JEZIKOV"},"content":{"rendered":"\n<p class=\"has-text-align-center has-medium-font-size\"><strong>Dan jezikov \u00bbna d@lj@vo\u00ab<\/strong><\/p>\n\n\n\n<p><strong>Dragi u\u010denci!<\/strong><\/p>\n\n\n\n<p>V mesecu septembru, natan\u010dneje <strong>26. 9.<\/strong>, vsako leto obele\u017eujemo&nbsp;<strong>Evropski dan jezikov<\/strong><strong>.<\/strong> Leto\u0161nja osrednja tema slednjega je<\/p>\n\n\n\n<p class=\"has-text-color has-text-align-center has-vivid-red-color\">&nbsp;&nbsp;&nbsp;&nbsp;&nbsp;&nbsp;&nbsp;&nbsp;&nbsp;&nbsp;&nbsp;&nbsp;&nbsp; &#8220;<strong>Kako razvijati ve\u010djezi\u010dnost na d@lj@vo?<\/strong>&#8220;<\/p>\n\n\n\n<p class=\"has-text-color has-vivid-cyan-blue-color\">Na\u0161a \u0161ola, na kateri 8 jezikov <strong>(<\/strong><strong>sloven\u0161\u010dina, angle\u0161\u010dina, nem\u0161\u010dina, franco\u0161\u010dina, alban\u0161\u010dina, srb\u0161\u010dina, bosan\u0161\u010dina in makedon\u0161\u010dina)<\/strong><strong> <\/strong>vsak dan \u017eivi in med nami spleta nepozabna prijateljstva, je nedvomno ve\u010djezi\u010dna. To ste potrdili tudi sami, ko ste lani ob Dnevu jezikov pisali pesmice, rime in razmi\u0161ljali o pomenu u\u010denja jezikov.<\/p>\n\n\n\n<p>Ker pravijo, da posamezni jezik zares osvojimo \u0161ele takrat, ko do potankosti spoznamo tudi dr\u017eavo, njeno kulturo, posebnosti in zna\u010dilnosti, boste za leto\u0161nji Dan jezikov raziskovali in preu\u010devali dr\u017eave ter se preizkusili v re\u0161evanju kviza. <strong><\/strong><\/p>\n\n\n\n<p class=\"has-text-color has-vivid-red-color\"><strong>V katerih dr\u017eavah govorijo omenjene jezike, kje na karti sveta le\u017eijo te dr\u017eave in zakaj je vsaka po sebi edinstvena in najlep\u0161a za vse tiste, ki v njej \u017eivijo?<\/strong><\/p>\n\n\n\n<p class=\"has-text-color has-vivid-green-cyan-color\"><strong>Pobrskajte po spletu, spoznajte lepote dr\u017eav in razvijajte svojo ve\u010djezi\u010dnost!<\/strong><\/p>\n\n\n\n<p>Vsi, ki boste pridno brskali po internetnih straneh posameznih dr\u017eav in pravilno odgovorili na vsa pripravljena vpra\u0161anja, imate mo\u017enost osvojiti zares lepe nagrade.<\/p>\n\n\n\n<p>Re\u0161en kviz po\u0161ljite na e-mail: <a href=\"mailto:brigita.berglez@obdravinji.si\">brigita.berglez@obdravinji.si<\/a> najkasneje do petka, 2.oktobra 2020.<\/p>\n\n\n\n<p class=\"has-text-color has-text-align-center has-vivid-red-color\"><strong>Imejte lep Dan jezikov!<\/strong><\/p>\n\n\n\n<div class=\"wp-block-file\"><a href=\"https:\/\/www.obdravinji.si\/files\/2020\/09\/MOJ-JEZIK2.pdf\">KVIZ<\/a><a href=\"https:\/\/www.obdravinji.si\/files\/2020\/09\/MOJ-JEZIK2.pdf\" class=\"wp-block-file__button\" download>Download<\/a><\/div>\n\n\n\n<p><\/p>\n","protected":false},"excerpt":{"rendered":"<p>Dan jezikov \u00bbna d@lj@vo\u00ab Dragi u\u010denci! V mesecu septembru, natan\u010dneje 26. 9., vsako leto obele\u017eujemo&nbsp;Evropski dan jezikov. Leto\u0161nja osrednja tema slednjega je &nbsp;&nbsp;&nbsp;&nbsp;&nbsp;&nbsp;&nbsp;&nbsp;&nbsp;&nbsp;&nbsp;&nbsp;&nbsp; &#8220;Kako razvijati ve\u010djezi\u010dnost na d@lj@vo?&#8220; Na\u0161a \u0161ola, na kateri 8 jezikov (sloven\u0161\u010dina, angle\u0161\u010dina, nem\u0161\u010dina, franco\u0161\u010dina, alban\u0161\u010dina, srb\u0161\u010dina, bosan\u0161\u010dina in makedon\u0161\u010dina) vsak dan \u017eivi in med nami spleta nepozabna prijateljstva, je nedvomno ve\u010djezi\u010dna. To ste potrdili tudi sami, ko ste lani ob Dnevu jezikov pisali pesmice, rime in razmi\u0161ljali o pomenu u\u010denja jezikov. Ker pravijo, da posamezni jezik zares osvojimo \u0161ele takrat, ko do potankosti spoznamo tudi dr\u017eavo, njeno kulturo, posebnosti in zna\u010dilnosti, boste za leto\u0161nji Dan jezikov [&hellip;]<\/p>\n","protected":false},"author":35617,"featured_media":0,"comment_status":"closed","ping_status":"closed","sticky":false,"template":"","format":"standard","meta":{"footnotes":""},"categories":[1],"tags":[],"class_list":["post-4905","post","type-post","status-publish","format-standard","hentry","category-novice"],"_links":{"self":[{"href":"https:\/\/www.obdravinji.si\/index.php?rest_route=\/wp\/v2\/posts\/4905","targetHints":{"allow":["GET"]}}],"collection":[{"href":"https:\/\/www.obdravinji.si\/index.php?rest_route=\/wp\/v2\/posts"}],"about":[{"href":"https:\/\/www.obdravinji.si\/index.php?rest_route=\/wp\/v2\/types\/post"}],"author":[{"embeddable":true,"href":"https:\/\/www.obdravinji.si\/index.php?rest_route=\/wp\/v2\/users\/35617"}],"replies":[{"embeddable":true,"href":"https:\/\/www.obdravinji.si\/index.php?rest_route=%2Fwp%2Fv2%2Fcomments&post=4905"}],"version-history":[{"count":4,"href":"https:\/\/www.obdravinji.si\/index.php?rest_route=\/wp\/v2\/posts\/4905\/revisions"}],"predecessor-version":[{"id":4929,"href":"https:\/\/www.obdravinji.si\/index.php?rest_route=\/wp\/v2\/posts\/4905\/revisions\/4929"}],"wp:attachment":[{"href":"https:\/\/www.obdravinji.si\/index.php?rest_route=%2Fwp%2Fv2%2Fmedia&parent=4905"}],"wp:term":[{"taxonomy":"category","embeddable":true,"href":"https:\/\/www.obdravinji.si\/index.php?rest_route=%2Fwp%2Fv2%2Fcategories&post=4905"},{"taxonomy":"post_tag","embeddable":true,"href":"https:\/\/www.obdravinji.si\/index.php?rest_route=%2Fwp%2Fv2%2Ftags&post=4905"}],"curies":[{"name":"wp","href":"https:\/\/api.w.org\/{rel}","templated":true}]}}